
{"id":3836,"date":"2026-08-30T15:01:50","date_gmt":"2026-08-30T13:01:50","guid":{"rendered":"https:\/\/przedszkole41.edu.wroclaw.pl\/?p=3836"},"modified":"2026-08-30T15:01:50","modified_gmt":"2026-08-30T13:01:50","slug":"pospiewaj-mi-mamo-pospiewaj-mi-tato-rusza-cykl-warsztatow-z-nfm","status":"publish","type":"post","link":"https:\/\/przedszkole41.edu.wroclaw.pl\/index.php\/2026\/08\/30\/pospiewaj-mi-mamo-pospiewaj-mi-tato-rusza-cykl-warsztatow-z-nfm\/","title":{"rendered":"\u201ePo\u015bpiewaj mi Mamo, po\u015bpiewaj mi Tato\u201d \u2013 rusza cykl warsztat\u00f3w z NFM!"},"content":{"rendered":"<p class=\"isSelectedEnd\">Serdecznie zapraszamy dzieci wraz z rodzicami do udzia\u0142u w wyj\u0105tkowym cyklu warsztat\u00f3w muzycznych <strong>\u201ePo\u015bpiewaj mi Mamo, po\u015bpiewaj mi Tato\u201d<\/strong>, organizowanych we wsp\u00f3\u0142pracy z <strong>Narodowym Forum Muzyki we Wroc\u0142awiu<\/strong>. Warsztaty skierowane s\u0105 <strong>szczeg\u00f3lnie do dzieci z grupy I i ich rodzic\u00f3w<\/strong>, jednak udzia\u0142 mog\u0105 wzi\u0105\u0107 r\u00f3wnie\u017c <strong>wszystkie ch\u0119tne dzieci z naszego przedszkola wraz z rodzicami lub opiekunami<\/strong>. Ka\u017cdy, kto ma ochot\u0119 wsp\u00f3lnie \u015bpiewa\u0107, bawi\u0107 si\u0119 muzyk\u0105 i mi\u0142o sp\u0119dzi\u0107 czas, jest mile widziany!<\/p>\n<p class=\"isSelectedEnd\">Spotkania odb\u0119d\u0105 si\u0119 przez <strong>trzy kolejne wtorki<\/strong>:<\/p>\n<p class=\"isSelectedEnd\">&#x1f4c5; <strong>22 wrze\u015bnia 2026 r.<\/strong><br \/>\n&#x1f4c5; <strong>29 wrze\u015bnia 2026 r.<\/strong><br \/>\n&#x1f4c5; <strong>6 pa\u017adziernika 2026 r.<\/strong><\/p>\n<p class=\"isSelectedEnd\"><strong>Godzina: 15:30<\/strong><\/p>\n<p>Warsztaty b\u0119d\u0105 okazj\u0105 do wsp\u00f3lnego \u015bpiewania, zabawy z muzyk\u0105 oraz sp\u0119dzenia wyj\u0105tkowego czasu razem.<\/p>\n","protected":false},"excerpt":{"rendered":"<p>Serdecznie zapraszamy dzieci wraz z rodzicami do udzia\u0142u w wyj\u0105tkowym cyklu warsztat\u00f3w muzycznych \u201ePo\u015bpiewaj mi Mamo, po\u015bpiewaj mi Tato\u201d, organizowanych we wsp\u00f3\u0142pracy z Narodowym Forum Muzyki we Wroc\u0142awiu. Warsztaty skierowane [&hellip;]<\/p>\n","protected":false},"author":197,"featured_media":3837,"comment_status":"open","ping_status":"open","sticky":false,"template":"","format":"standard","meta":{"ngg_post_thumbnail":0,"footnotes":""},"categories":[5],"tags":[],"class_list":["post-3836","post","type-post","status-publish","format-standard","has-post-thumbnail","hentry","category-aktualnosci","clearfix"],"_links":{"self":[{"href":"https:\/\/przedszkole41.edu.wroclaw.pl\/index.php\/wp-json\/wp\/v2\/posts\/3836","targetHints":{"allow":["GET"]}}],"collection":[{"href":"https:\/\/przedszkole41.edu.wroclaw.pl\/index.php\/wp-json\/wp\/v2\/posts"}],"about":[{"href":"https:\/\/przedszkole41.edu.wroclaw.pl\/index.php\/wp-json\/wp\/v2\/types\/post"}],"author":[{"embeddable":true,"href":"https:\/\/przedszkole41.edu.wroclaw.pl\/index.php\/wp-json\/wp\/v2\/users\/197"}],"replies":[{"embeddable":true,"href":"https:\/\/przedszkole41.edu.wroclaw.pl\/index.php\/wp-json\/wp\/v2\/comments?post=3836"}],"version-history":[{"count":1,"href":"https:\/\/przedszkole41.edu.wroclaw.pl\/index.php\/wp-json\/wp\/v2\/posts\/3836\/revisions"}],"predecessor-version":[{"id":3838,"href":"https:\/\/przedszkole41.edu.wroclaw.pl\/index.php\/wp-json\/wp\/v2\/posts\/3836\/revisions\/3838"}],"wp:featuredmedia":[{"embeddable":true,"href":"https:\/\/przedszkole41.edu.wroclaw.pl\/index.php\/wp-json\/wp\/v2\/media\/3837"}],"wp:attachment":[{"href":"https:\/\/przedszkole41.edu.wroclaw.pl\/index.php\/wp-json\/wp\/v2\/media?parent=3836"}],"wp:term":[{"taxonomy":"category","embeddable":true,"href":"https:\/\/przedszkole41.edu.wroclaw.pl\/index.php\/wp-json\/wp\/v2\/categories?post=3836"},{"taxonomy":"post_tag","embeddable":true,"href":"https:\/\/przedszkole41.edu.wroclaw.pl\/index.php\/wp-json\/wp\/v2\/tags?post=3836"}],"curies":[{"name":"wp","href":"https:\/\/api.w.org\/{rel}","templated":true}]}}