
{"id":3690,"date":"2026-05-01T10:40:43","date_gmt":"2026-05-01T08:40:43","guid":{"rendered":"https:\/\/przedszkole41.edu.wroclaw.pl\/?p=3690"},"modified":"2026-05-01T10:40:43","modified_gmt":"2026-05-01T08:40:43","slug":"spotkanie-absolwentow-3","status":"publish","type":"post","link":"https:\/\/przedszkole41.edu.wroclaw.pl\/index.php\/2026\/05\/01\/spotkanie-absolwentow-3\/","title":{"rendered":"Spotkanie absolwent\u00f3w"},"content":{"rendered":"<p>W dniu 06.05.2026 o godz. 15:30 odb\u0119dzie si\u0119 spotkanie absolwent\u00f3w rocznika 2017 i 2018 grupy Promyczki. To wydarzenie ma na celu uczczenie zako\u0144czenia edukacji przedszkolnej i stworzenie okazji do spotkania by\u0142ych wychowank\u00f3w, ich rodzin oraz personelu przedszkola. B\u0119dzie to czas pe\u0142en wspomnie\u0144, zabawy i wymiany do\u015bwiadcze\u0144.<\/p>\n","protected":false},"excerpt":{"rendered":"<p>W dniu 06.05.2026 o godz. 15:30 odb\u0119dzie si\u0119 spotkanie absolwent\u00f3w rocznika 2017 i 2018 grupy Promyczki. To wydarzenie ma na celu uczczenie zako\u0144czenia edukacji przedszkolnej i stworzenie okazji do spotkania [&hellip;]<\/p>\n","protected":false},"author":197,"featured_media":2511,"comment_status":"open","ping_status":"open","sticky":false,"template":"","format":"standard","meta":{"ngg_post_thumbnail":0,"footnotes":""},"categories":[5],"tags":[],"class_list":["post-3690","post","type-post","status-publish","format-standard","has-post-thumbnail","hentry","category-aktualnosci","clearfix"],"_links":{"self":[{"href":"https:\/\/przedszkole41.edu.wroclaw.pl\/index.php\/wp-json\/wp\/v2\/posts\/3690","targetHints":{"allow":["GET"]}}],"collection":[{"href":"https:\/\/przedszkole41.edu.wroclaw.pl\/index.php\/wp-json\/wp\/v2\/posts"}],"about":[{"href":"https:\/\/przedszkole41.edu.wroclaw.pl\/index.php\/wp-json\/wp\/v2\/types\/post"}],"author":[{"embeddable":true,"href":"https:\/\/przedszkole41.edu.wroclaw.pl\/index.php\/wp-json\/wp\/v2\/users\/197"}],"replies":[{"embeddable":true,"href":"https:\/\/przedszkole41.edu.wroclaw.pl\/index.php\/wp-json\/wp\/v2\/comments?post=3690"}],"version-history":[{"count":1,"href":"https:\/\/przedszkole41.edu.wroclaw.pl\/index.php\/wp-json\/wp\/v2\/posts\/3690\/revisions"}],"predecessor-version":[{"id":3691,"href":"https:\/\/przedszkole41.edu.wroclaw.pl\/index.php\/wp-json\/wp\/v2\/posts\/3690\/revisions\/3691"}],"wp:featuredmedia":[{"embeddable":true,"href":"https:\/\/przedszkole41.edu.wroclaw.pl\/index.php\/wp-json\/wp\/v2\/media\/2511"}],"wp:attachment":[{"href":"https:\/\/przedszkole41.edu.wroclaw.pl\/index.php\/wp-json\/wp\/v2\/media?parent=3690"}],"wp:term":[{"taxonomy":"category","embeddable":true,"href":"https:\/\/przedszkole41.edu.wroclaw.pl\/index.php\/wp-json\/wp\/v2\/categories?post=3690"},{"taxonomy":"post_tag","embeddable":true,"href":"https:\/\/przedszkole41.edu.wroclaw.pl\/index.php\/wp-json\/wp\/v2\/tags?post=3690"}],"curies":[{"name":"wp","href":"https:\/\/api.w.org\/{rel}","templated":true}]}}